{"id":5537,"date":"2018-12-15T19:34:04","date_gmt":"2018-12-15T18:34:04","guid":{"rendered":"https:\/\/bam.sk\/pravnerady\/?p=5537"},"modified":"2019-01-07T08:16:02","modified_gmt":"2019-01-07T07:16:02","slug":"panelova-diskusia","status":"publish","type":"post","link":"https:\/\/vodiacipes.sk\/efektivna-verejna-sprava\/panelova-diskusia\/","title":{"rendered":"Panelov\u00e1 diskusia"},"content":{"rendered":"<p>Panelovej diskusie sa z\u00fa\u010dastnili &nbsp;Eva Arnoldov\u00e1 z&nbsp;\u00faradu Komis\u00e1ra pre osoby so zdravotn\u00fdm postihnut\u00edm, Zuzana Pavl\u00ed\u010dkov\u00e1 a Eduard Csudai zo Slovensk\u00e9ho n\u00e1rodn\u00e9ho strediska pre&nbsp; \u013eudsk\u00e9 pr\u00e1va, Ministerstvo pr\u00e1ce, soci\u00e1lnych vec\u00ed a&nbsp;rodiny reprezentovali J\u00e1n Gabura, Michal Krivo\u0161\u00edk, J\u00falia Chorv\u00e1tova a&nbsp;Ildiko Vir\u00e1gov\u00e1 \u2013 Milkovi\u010dov\u00e1, Hana Jasencov\u00e1 \u2013 s\u00fadna znalky\u0148a pre odbor vodiace psy z&nbsp;\u010ceskej republiky, z\u00e1stupcovia partnera projektu zo Slovenskej asoci\u00e1cie Eur\u00f3pskych \u0161t\u00fadi\u00ed Vladislav Mi\u010d\u00e1tek a&nbsp;So\u0148a Ondr\u00e1\u0161ikov\u00e1, z\u00e1stupkyne V\u0160VAP Jarmila Vir\u00e1gov\u00e1, Katar\u00edna Kubi\u0161ov\u00e1 a&nbsp;Katar\u00edna \u0160tulajterov\u00e1 a&nbsp;dr\u017eite\u013eov vodiacich psov zastupovala Andrea Kujovi\u010dov\u00e1.<\/p>\n<p>\u00davod panelovej diskusie patril predstaveniu projektu a&nbsp;jeho cie\u013eov z\u00fa\u010dastnen\u00fdm panelistom. Pani Ondr\u00e1\u0161ikov\u00e1 stru\u010dne zhrnula legislat\u00edvny r\u00e1mec, t\u00fdkaj\u00faci sa psov so \u0161peci\u00e1lnym v\u00fdcvikom, pod ktor\u00e9 patria aj vodiace psy. &nbsp;Panelisti sa zhodli na tom, \u017ee legislat\u00edvna \u00faprava, zaru\u010duj\u00faca antidiskrimin\u00e1ciu dr\u017eite\u013eom vodiacich psov je na Slovensku dostato\u010dn\u00e1. Pr\u00edklady poru\u0161enia, ktor\u00e9 uviedla pani Kujovi\u010dov\u00e1, s\u00fa sp\u00f4soben\u00e9 neznalos\u0165ou legislat\u00edvy a&nbsp;jej nedodr\u017eiavan\u00edm. Z\u00e1stupcovia \u013eudskopr\u00e1vnych organiz\u00e1ci\u00ed odporu\u010dili konkr\u00e9tne postupy, ktor\u00e9 m\u00f4\u017eu majitelia vodiacich psov uplatni\u0165 pri diskrimina\u010dnom spr\u00e1van\u00ed. S\u00fa\u010das\u0165ou odpor\u00fa\u010dan\u00ed bola aj realiz\u00e1cia osvetovej kampane pre verejnos\u0165 a&nbsp;podnikate\u013esk\u00fd sektor.<\/p>\n<p><img decoding=\"async\" loading=\"lazy\" class=\"alignnone wp-image-5538 size-full\" src=\"https:\/\/bam.sk\/pravnerady\/wp-content\/uploads\/2018\/12\/panelova-diskusia.jpg\" alt=\"Panelov\u00e1 diskusia\" width=\"500\" height=\"375\" srcset=\"https:\/\/vodiacipes.sk\/efektivna-verejna-sprava\/wp-content\/uploads\/2018\/12\/panelova-diskusia.jpg 500w, https:\/\/vodiacipes.sk\/efektivna-verejna-sprava\/wp-content\/uploads\/2018\/12\/panelova-diskusia-300x225.jpg 300w\" sizes=\"(max-width: 500px) 100vw, 500px\" \/><\/p>\n<p>Druh\u00e1 \u010das\u0165 panelovej diskusie predstavila s\u00fa\u010dasn\u00e9 postavenie vodiaceho psa v&nbsp;legislat\u00edve a&nbsp;z&nbsp;toho vypl\u00fdvaj\u00face pozit\u00edva aj negat\u00edva. Pokra\u010dovan\u00edm diskusie bude predstavenie legislat\u00edvnych \u00faprav, t\u00fdkaj\u00facich sa vodiacich psov, odborn\u00edkmi zo zahrani\u010dia.<\/p>\n<p><strong>Projekt&nbsp;<\/strong><strong>&nbsp;\u201eTvorba a&nbsp;optimaliz\u00e1cia lep\u0161ej verejnej politiky v&nbsp;z\u00e1ujme odstra\u0148ovania bari\u00e9r spolo\u010densk\u00e9ho za\u010dlenenia zrakovo postihnut\u00fdch\u201c, &nbsp;je s\u00fa\u010das\u0165ou Opera\u010dn\u00e9ho programu&nbsp; Efekt\u00edvna verejn\u00e1 spr\u00e1va, financovan\u00e9ho z&nbsp;Eur\u00f3pskeho soci\u00e1lneho fondu. Cie\u013eom projektu je&nbsp;<\/strong><strong>optimaliz\u00e1cia procesov, skvalitnenie syst\u00e9mov a tvorba lep\u0161ej verejnej politiky v oblasti efekt\u00edvneho vyu\u017e\u00edvania&nbsp; prostriedkov na kompenz\u00e1ciu d\u00f4sledkov zrakov\u00e9ho postihnutia a integrovan\u00e9ho pr\u00edstupu zrakovo postihnut\u00fdch do verejn\u00fdch priestorov.<\/strong><\/p>\n<p><img decoding=\"async\" loading=\"lazy\" class=\"alignnone wp-image-5539\" src=\"https:\/\/bam.sk\/pravnerady\/wp-content\/uploads\/2018\/12\/panelova-diskusia02-1024x768.jpg\" alt=\"Panelov\u00e1 diskusia\" width=\"500\" height=\"375\" srcset=\"https:\/\/vodiacipes.sk\/efektivna-verejna-sprava\/wp-content\/uploads\/2018\/12\/panelova-diskusia02-1024x768.jpg 1024w, https:\/\/vodiacipes.sk\/efektivna-verejna-sprava\/wp-content\/uploads\/2018\/12\/panelova-diskusia02-300x225.jpg 300w, https:\/\/vodiacipes.sk\/efektivna-verejna-sprava\/wp-content\/uploads\/2018\/12\/panelova-diskusia02-768x576.jpg 768w, https:\/\/vodiacipes.sk\/efektivna-verejna-sprava\/wp-content\/uploads\/2018\/12\/panelova-diskusia02.jpg 1200w\" sizes=\"(max-width: 500px) 100vw, 500px\" \/><\/p>\n","protected":false},"excerpt":{"rendered":"<p>Panelov\u00e1 diskusia k projektu Tvorba a optimaliz\u00e1cia lep\u0161ej verejnej politiky v z\u00e1ujme odstra\u0148ovania bari\u00e9r spolo\u010densk\u00e9ho za\u010dlenenia zrakovo postihnut\u00fdch<\/p>\n<div class=\"more-link-wrapper\"><a class=\"more-link\" href=\"https:\/\/vodiacipes.sk\/efektivna-verejna-sprava\/panelova-diskusia\/\">\u010c\u00edtajte \u010falej<span class=\"screen-reader-text\">Panelov\u00e1 diskusia<\/span><\/a><\/div>\n","protected":false},"author":7,"featured_media":5539,"comment_status":"closed","ping_status":"closed","sticky":false,"template":"","format":"standard","meta":[],"categories":[1],"tags":[],"_links":{"self":[{"href":"https:\/\/vodiacipes.sk\/efektivna-verejna-sprava\/wp-json\/wp\/v2\/posts\/5537"}],"collection":[{"href":"https:\/\/vodiacipes.sk\/efektivna-verejna-sprava\/wp-json\/wp\/v2\/posts"}],"about":[{"href":"https:\/\/vodiacipes.sk\/efektivna-verejna-sprava\/wp-json\/wp\/v2\/types\/post"}],"author":[{"embeddable":true,"href":"https:\/\/vodiacipes.sk\/efektivna-verejna-sprava\/wp-json\/wp\/v2\/users\/7"}],"replies":[{"embeddable":true,"href":"https:\/\/vodiacipes.sk\/efektivna-verejna-sprava\/wp-json\/wp\/v2\/comments?post=5537"}],"version-history":[{"count":3,"href":"https:\/\/vodiacipes.sk\/efektivna-verejna-sprava\/wp-json\/wp\/v2\/posts\/5537\/revisions"}],"predecessor-version":[{"id":5577,"href":"https:\/\/vodiacipes.sk\/efektivna-verejna-sprava\/wp-json\/wp\/v2\/posts\/5537\/revisions\/5577"}],"wp:featuredmedia":[{"embeddable":true,"href":"https:\/\/vodiacipes.sk\/efektivna-verejna-sprava\/wp-json\/wp\/v2\/media\/5539"}],"wp:attachment":[{"href":"https:\/\/vodiacipes.sk\/efektivna-verejna-sprava\/wp-json\/wp\/v2\/media?parent=5537"}],"wp:term":[{"taxonomy":"category","embeddable":true,"href":"https:\/\/vodiacipes.sk\/efektivna-verejna-sprava\/wp-json\/wp\/v2\/categories?post=5537"},{"taxonomy":"post_tag","embeddable":true,"href":"https:\/\/vodiacipes.sk\/efektivna-verejna-sprava\/wp-json\/wp\/v2\/tags?post=5537"}],"curies":[{"name":"wp","href":"https:\/\/api.w.org\/{rel}","templated":true}]}}