{"id":5623,"date":"2020-05-12T08:58:19","date_gmt":"2020-05-12T06:58:19","guid":{"rendered":"https:\/\/vodiacipes.sk\/pravnerady\/?p=5623"},"modified":"2020-05-12T08:58:20","modified_gmt":"2020-05-12T06:58:20","slug":"otvorena-diskusia-majitelov-vodiacich-psov","status":"publish","type":"post","link":"https:\/\/vodiacipes.sk\/efektivna-verejna-sprava\/otvorena-diskusia-majitelov-vodiacich-psov\/","title":{"rendered":"Otvoren\u00e1 diskusia majite\u013eov vodiacich psov"},"content":{"rendered":"\n<p>V\u00fdcvikov\u00e1 \u0161kola pre vodiace a asisten\u010dn\u00e9 psy a Slovensk\u00e1 asoci\u00e1cia eur\u00f3pskych \u0161t\u00fadi\u00ed dlhodobo zaznamen\u00e1va r\u00f4zne probl\u00e9my, s ktor\u00fdmi sa stret\u00e1vaj\u00fa nielen samotn\u00ed \u013eudia so zrakov\u00fdm postihnut\u00edm, ale dost\u00e1va aj podnety od \u00faradov, \u010di verejnosti. Niektor\u00e9 z nich s\u00fa rie\u0161ite\u013en\u00e9, na in\u00e9 je potrebn\u00e1 zmena legislat\u00edvy. Preto sme tieto probl\u00e9my a podnety zoskupili do t\u00e9m a vytvorili sme projekt zameran\u00fd na lep\u0161iu verejn\u00fa spr\u00e1vu. Do realiz\u00e1cie projektu s\u00fa zapojen\u00ed \u013eudia so zrakov\u00fdm postihnut\u00edm.<\/p>\n\n\n\n<h2><strong>Workshop<\/strong><\/h2>\n\n\n\n<p>Jednou z\u00a0aktiv\u00edt projektu bol workshop, na ktor\u00fd sme pozvali nevidiacich a\u00a0slabozrak\u00fdch z\u00a0cel\u00e9ho Slovenska. Diskutovali sme s\u00a0nimi na r\u00f4zne t\u00e9my. Porozpr\u00e1vali n\u00e1m svoje sk\u00fasenosti napr\u00edklad o\u00a0tom, \u010di maj\u00fa alebo nemaj\u00fa probl\u00e9my pri prevoze svojho ps\u00edka v\u00a0tax\u00edku alebo MHD, ako sa k\u00a0nim spr\u00e1vaj\u00fa v\u00a0hoteloch a\u00a0in\u00fdch ubytovac\u00edch zariadeniach, ak\u00e9 maj\u00fa sk\u00fasenosti v kaviar\u0148ach, re\u0161taur\u00e1ci\u00e1ch a in\u00fdch prev\u00e1dzkach.<\/p>\n\n\n\n<h2><strong>Slu\u017eby<\/strong><\/h2>\n\n\n\n<p>Hovorili sme s\u00a0nimi aj o\u00a0tom, ak\u00e9 vlastnosti m\u00e1 ma\u0165 vodiaci pes a\u00a0poradili sme, kto a\u00a0za ak\u00fdch okolnost\u00ed m\u00e1 n\u00e1rok na pr\u00edspevok na k\u00fapu vodiaceho psa. Z\u00e1ujem zo strany nevidiacich bol ve\u013ek\u00fd. Zozbieran\u00e9 podnety n\u00e1m sl\u00fa\u017eia na pr\u00edpravu aktiv\u00edt, ktor\u00fdmi chceme prispie\u0165 k\u00a0zlep\u0161ovaniu \u017eivotn\u00fdch podmienok \u013eud\u00ed so zrakov\u00fdm postihnut\u00edm.<\/p>\n<p>T\u00e1to aktivita\u00a0bola\u00a0zrealizovan\u00e1\u00a0ako\u00a0informa\u010dn\u00e1\u00a0aktivita\u00a0pre zabezpe\u010denie \u0161irokospektr\u00e1lnej informa\u010dnej kampane\u00a0na zv\u00fd\u0161enie povedomia verejnosti o problematike vodiacich psov\u00a0v r\u00e1mci projektu: Tvorba a optimaliz\u00e1cia lep\u0161ej verejnej politiky v z\u00e1ujme odstra\u0148ovania bari\u00e9r spolo\u010densk\u00e9ho za\u010dlenenia zrakovo postihnut\u00fdch. Tento projekt je podporen\u00fd z Eur\u00f3pskeho soci\u00e1lneho fondu.\u00a0<\/p>\n","protected":false},"excerpt":{"rendered":"<p>V\u00fdcvikov\u00e1 \u0161kola pre vodiace a asisten\u010dn\u00e9 psy a Slovensk\u00e1 asoci\u00e1cia eur\u00f3pskych \u0161t\u00fadi\u00ed dlhodobo zaznamen\u00e1va r\u00f4zne probl\u00e9my, s ktor\u00fdmi sa stret\u00e1vaj\u00fa nielen samotn\u00ed \u013eudia so zrakov\u00fdm&#8230;<\/p>\n<div class=\"more-link-wrapper\"><a class=\"more-link\" href=\"https:\/\/vodiacipes.sk\/efektivna-verejna-sprava\/otvorena-diskusia-majitelov-vodiacich-psov\/\">\u010c\u00edtajte \u010falej<span class=\"screen-reader-text\">Otvoren\u00e1 diskusia majite\u013eov vodiacich psov<\/span><\/a><\/div>\n","protected":false},"author":8,"featured_media":5622,"comment_status":"closed","ping_status":"closed","sticky":false,"template":"","format":"standard","meta":[],"categories":[1],"tags":[],"_links":{"self":[{"href":"https:\/\/vodiacipes.sk\/efektivna-verejna-sprava\/wp-json\/wp\/v2\/posts\/5623"}],"collection":[{"href":"https:\/\/vodiacipes.sk\/efektivna-verejna-sprava\/wp-json\/wp\/v2\/posts"}],"about":[{"href":"https:\/\/vodiacipes.sk\/efektivna-verejna-sprava\/wp-json\/wp\/v2\/types\/post"}],"author":[{"embeddable":true,"href":"https:\/\/vodiacipes.sk\/efektivna-verejna-sprava\/wp-json\/wp\/v2\/users\/8"}],"replies":[{"embeddable":true,"href":"https:\/\/vodiacipes.sk\/efektivna-verejna-sprava\/wp-json\/wp\/v2\/comments?post=5623"}],"version-history":[{"count":1,"href":"https:\/\/vodiacipes.sk\/efektivna-verejna-sprava\/wp-json\/wp\/v2\/posts\/5623\/revisions"}],"predecessor-version":[{"id":5624,"href":"https:\/\/vodiacipes.sk\/efektivna-verejna-sprava\/wp-json\/wp\/v2\/posts\/5623\/revisions\/5624"}],"wp:featuredmedia":[{"embeddable":true,"href":"https:\/\/vodiacipes.sk\/efektivna-verejna-sprava\/wp-json\/wp\/v2\/media\/5622"}],"wp:attachment":[{"href":"https:\/\/vodiacipes.sk\/efektivna-verejna-sprava\/wp-json\/wp\/v2\/media?parent=5623"}],"wp:term":[{"taxonomy":"category","embeddable":true,"href":"https:\/\/vodiacipes.sk\/efektivna-verejna-sprava\/wp-json\/wp\/v2\/categories?post=5623"},{"taxonomy":"post_tag","embeddable":true,"href":"https:\/\/vodiacipes.sk\/efektivna-verejna-sprava\/wp-json\/wp\/v2\/tags?post=5623"}],"curies":[{"name":"wp","href":"https:\/\/api.w.org\/{rel}","templated":true}]}}